{"id":5121,"date":"2024-02-22T10:56:51","date_gmt":"2024-02-22T10:56:51","guid":{"rendered":"https:\/\/www.mercepomar.com\/amb-la-llei-a-la-ma\/"},"modified":"2024-02-22T10:56:51","modified_gmt":"2024-02-22T10:56:51","slug":"amb-la-llei-a-la-ma","status":"publish","type":"post","link":"https:\/\/www.mercepomar.com\/ca\/amb-la-llei-a-la-ma\/","title":{"rendered":"Amb la llei a la m\u00e0."},"content":{"rendered":"<p>\u201cEs t\u00e9 consci\u00e8ncia del dret a la privadesa ia la intimitat dels menors\u2026\u201d?<\/p>\n<p>Els juristes plantegem el debat d&#8217;on comen\u00e7a i acaba la intimitat dels fills d&#8217;aquells \u201cPares\u201d que exposen els seus fills a les xarxes socials i altres.<\/p>\n<p>El dret a la privadesa i la intimitat dels menors \u00e9s un dels drets fonamentals dels nens que m\u00e9s habitualment \u00e9s vulnerat. Recuperar el dret a la privadesa en l&#8217;\u00fas que es fa de les nostres dades a Internet \u00e9s un dels reptes que la societat actual t\u00e9 per fer front a l&#8217;emerg\u00e8ncia digital.<\/p>\n<p>I si volem protegir les nostres dades\u2026 potser comencem per protegir un dels grups m\u00e9s vulnerables de la societat: els menors.<\/p>\n<p>Conscienciar la societat sobre la necessitat de preservar el dret a la intimitat i la privadesa dels menors \u00e9s un gest necessari per cr\u00e9ixer com a societat.<\/p>\n<p>Actualment la problem\u00e0tica es representa en tres punts;<\/p>\n<p style=\"padding-left: 40px;\">\u2022 La difusi\u00f3 massiva de les imatges de les criatures.<br \/>\n\u2022 La sensaci\u00f3 que protegir la privadesa dels fills resulta pr\u00e0cticament impossible.<br \/>\n\u2022 El missatge que es transmet: que l&#8217;activitat a les xarxes \u00e9s m\u00e9s important que la mateixa activitat en diverses \u00e0rees com l&#8217;educativa, l&#8217;esportiva, el lleure, etc.<\/p>\n<p>Podrem plantejar-nos que aquells &#8220;Pares o tutors&#8221; que &#8220;No autoritzen&#8221; les cessions d&#8217;imatge pateixen el risc de pr\u00e0ctiques que igualment impliquen una senyalitzaci\u00f3 del menor dins del grup i que generalment haurien d&#8217;estar expressament prohibides per la normativa?<\/p>\n<p>Basant-se en la legalitat, cal recordar que les imatges que es pengen en aquestes xarxes ja no pertanyen a la persona o entitat, sin\u00f3 que se cedeixen els drets a la xarxa en q\u00fcesti\u00f3.<\/p>\n<p>El 90% de les empreses utilitza les xarxes socials per donar-se a con\u00e8ixer i per vendre el seu producte\u2026 Hem assumit que \u00e9s normal que les escoles, les entitats esportives, les entitats de lleure, etc., facin el mateix? (de fet, l&#8217;excepci\u00f3 \u00e9s que no hi siguin).<\/p>\n<p>\u201cQuan una entitat, escola o organitzaci\u00f3 utilitza els nens per promocionar\u2026 Aleshores el que est\u00e0 fent \u00e9s fer servir els nostres fills i filles com a producte?\u201d<\/p>\n<p>L&#8217;entorn digital actual t\u00e9 un gran impacte sobre una s\u00e8rie de drets que s&#8217;estableixen a la Convenci\u00f3 sobre els Drets dels Infants, com el de l&#8217;educaci\u00f3, la privadesa, l&#8217;acc\u00e9s a la informaci\u00f3 o la llibertat d&#8217;expressi\u00f3.<\/p>\n<p>De vegades els menors s\u00f3n figurants i d&#8217;altres tenen un paper m\u00e9s actiu. Sobreexposici\u00f3 tan continuada, on s\u00f3n els drets dels menors?<\/p>\n<p>La primera instituci\u00f3 a moure&#8217;s va ser UNICEF, el febrer de 2004, que va plantejar els drets dels nens i nenes:<\/p>\n<ul>\n<li>Drets de l&#8217;acc\u00e9s a la informaci\u00f3 i la tecnologia sense discriminaci\u00f3 per sexe, edat, recursos, nacionalitat, \u00e8tnia, lloc de resid\u00e8ncia, etc. I especialment per a nens i nenes discapacitats.<\/li>\n<li>Dret de la lliure expressi\u00f3 i associaci\u00f3, a cercar, rebre i difondre informacions i idees per la xarxa.<\/li>\n<li>Drets de ser consultats i donar opini\u00f3 a les lleis.<\/li>\n<li>Dret de la protecci\u00f3 contra l&#8217;explotaci\u00f3, el comer\u00e7 il\u00b7legal, els abusos i la viol\u00e8ncia que es produeix utilitzant internet.<\/li>\n<li>Dret de la intimitat de les comunicacions per mitjans electr\u00f2nics.<\/li>\n<\/ul>\n<p>&nbsp;<\/p>\n<p>A Espanya el 2015 es va reformar el sistema de protecci\u00f3 a la inf\u00e0ncia i l&#8217;adolesc\u00e8ncia, llei org\u00e0nica 8\/2015, del 22 de juliol i llei 26\/2015, del 28 de juliol, per\u00f2 s\u00ed que es llegeix aquest informe no<br \/>\ntrobareu cap refer\u00e8ncia als drets a internet.<\/p>\n<p>Segons el Codi Civil, article 156, \u201cla p\u00e0tria potestat s&#8217;exercir\u00e0 conjuntament per ambd\u00f3s progenitors o per un de sol amb el consentiment expr\u00e9s o t\u00e0cit de l&#8217;altre. S\u00f3n v\u00e0lids els actes que en faci un d&#8217;acord amb l&#8217;\u00fas social, i a les circumst\u00e0ncies o en situacions de necessitat urgent\u201d. Aix\u00ed que tots dos pares s\u00f3n responsables del que facin amb el fill i l&#8217;exposici\u00f3 p\u00fablica.<\/p>\n<p>Per\u00f2 qu\u00e8 passa en el cas de pares separats si un ho fa i l&#8217;altre no vol? Fins als catorze anys, l\u00edmit que posa la llei de protecci\u00f3 de dades, cal el consentiment de tots dos, pare i mare, per publicar fotografies d&#8217;un menor de catorze anys a les xarxes socials i, en cas que no es posin d&#8217;acord, ser\u00e0 el jutge qui aplicar\u00e0 el Codi Civil: &#8220;Despr\u00e9s de sentir tots dos i el fill si tingu\u00e9s prou judici i, en tot cas, si fos major de dotze anys, atribuir\u00e0 sense ulterior recurs la facultat de decidir el pare o la mare. &#8221;<\/p>\n<p>El simple fet de penjar una fotografia o un v\u00eddeo per part dels pares o adolescents, comportar\u00e0 la import\u00e0ncia de conscienciar els joves i futures generacions de l&#8217;impacte o greuge del qual comportar\u00e0 que la seva imatge pugui ser emprada amb finalitats il\u00b7l\u00edcites, comercials o sexuals aix\u00ed com d&#8217;altres<\/p>\n","protected":false},"excerpt":{"rendered":"<p>\u201cEs t\u00e9 consci\u00e8ncia del dret a la privadesa ia la intimitat dels menors\u2026\u201d? Els juristes plantegem el debat d&#8217;on comen\u00e7a i acaba la intimitat dels fills d&#8217;aquells \u201cPares\u201d que exposen els seus fills a les xarxes socials i altres. El dret a la privadesa i la intimitat dels menors \u00e9s un dels drets fonamentals dels [&hellip;]<\/p>\n","protected":false},"author":1,"featured_media":5137,"comment_status":"closed","ping_status":"closed","sticky":false,"template":"","format":"standard","meta":{"inline_featured_image":false,"footnotes":""},"categories":[48],"tags":[],"class_list":["post-5121","post","type-post","status-publish","format-standard","has-post-thumbnail","hentry","category-noticies"],"_links":{"self":[{"href":"https:\/\/www.mercepomar.com\/ca\/wp-json\/wp\/v2\/posts\/5121"}],"collection":[{"href":"https:\/\/www.mercepomar.com\/ca\/wp-json\/wp\/v2\/posts"}],"about":[{"href":"https:\/\/www.mercepomar.com\/ca\/wp-json\/wp\/v2\/types\/post"}],"author":[{"embeddable":true,"href":"https:\/\/www.mercepomar.com\/ca\/wp-json\/wp\/v2\/users\/1"}],"replies":[{"embeddable":true,"href":"https:\/\/www.mercepomar.com\/ca\/wp-json\/wp\/v2\/comments?post=5121"}],"version-history":[{"count":0,"href":"https:\/\/www.mercepomar.com\/ca\/wp-json\/wp\/v2\/posts\/5121\/revisions"}],"wp:featuredmedia":[{"embeddable":true,"href":"https:\/\/www.mercepomar.com\/ca\/wp-json\/wp\/v2\/media\/5137"}],"wp:attachment":[{"href":"https:\/\/www.mercepomar.com\/ca\/wp-json\/wp\/v2\/media?parent=5121"}],"wp:term":[{"taxonomy":"category","embeddable":true,"href":"https:\/\/www.mercepomar.com\/ca\/wp-json\/wp\/v2\/categories?post=5121"},{"taxonomy":"post_tag","embeddable":true,"href":"https:\/\/www.mercepomar.com\/ca\/wp-json\/wp\/v2\/tags?post=5121"}],"curies":[{"name":"wp","href":"https:\/\/api.w.org\/{rel}","templated":true}]}}