{"id":5031,"date":"2024-02-22T11:48:40","date_gmt":"2024-02-22T11:48:40","guid":{"rendered":"https:\/\/www.mercepomar.com\/fem-una-mirada-critica-a-la-prevencio-del-suicidi-en-adolescents\/"},"modified":"2024-02-20T13:52:40","modified_gmt":"2024-02-20T13:52:40","slug":"fem-una-mirada-critica-a-la-prevencio-del-suicidi-en-adolescents","status":"publish","type":"post","link":"https:\/\/www.mercepomar.com\/ca\/fem-una-mirada-critica-a-la-prevencio-del-suicidi-en-adolescents\/","title":{"rendered":"Fem una mirada cr\u00edtica a la prevenci\u00f3 del su\u00efcidi en adolescents."},"content":{"rendered":"<p>La mediaci\u00f3 \u00e9s una eina alternativa de gestionar els conflictes que t\u00e9 en compte en quina situaci\u00f3 es troben els implicats (les persones) aix\u00ed com les necessitats i els interessos (el problema). Com a experta en resoluci\u00f3 de conflictes facilitem els ponts de comunicaci\u00f3 necessaris entre les parts i utilitzem les t\u00e8cniques necess\u00e0ries dan\u00e0lisi del conflicte que abordarem. La percepci\u00f3 que t\u00e9 cada part del problema \u00e9s diferent i cal confrontar-les per poder treballar al cam\u00ed de la SOLUCI\u00d3.<\/p>\n<p>En un m\u00f3n on creixen els contactes entre persones i grups de diferents identitats i cultures, \u00e9s m\u00e9s necessari que mai tenir eines pr\u00e0ctiques per a la construcci\u00f3 de la conviv\u00e8ncia social. Davant dels escenaris de conflicte social, creix la import\u00e0ncia de fomentar el coneixement i la utilitzaci\u00f3 de diversos m\u00e8todes de resoluci\u00f3 pac\u00edfica de conflictes i de diferents m\u00e8todes de di\u00e0leg en un marc d&#8217;interculturalitat cada cop m\u00e9s extens.<\/p>\n<p>Amb una visi\u00f3 global, \u00e9s possible apropar-nos a la cohesi\u00f3 social, aconseguint la col\u00b7laboraci\u00f3 responsable dels agents socials i un salt qualitatiu de la democr\u00e0cia i la llibertat del teixit social.<\/p>\n<p>La MEDIACI\u00d3 sempre \u00e9s una GRAN EINA DE CONSTRUCCI\u00d3 I TRANSFORMACI\u00d3 oferint un espai de di\u00e0leg amb l&#8217;acompanyament d&#8217;una persona EXPERTA I ESPECIALITZADA en la mat\u00e8ria en aquest \u00e0mbit, fent un acompanyament t\u00e8cnic durant tot el proc\u00e9s d&#8217;abordatge del conflicte.<\/p>\n<p>El talent del professional conjuntament amb les capacitats adquirides com la import\u00e0ncia de saber escoltar, l&#8217;\u00fas de l&#8217;empatia per despertar la confian\u00e7a i el poder de les emocions per arribar a la racionalitat del CONFLICTE de les Fam\u00edlies, organitzacions, entitats i altres s\u00f3n la caixa d&#8217;eines del mediador al seu dia a dia.<\/p>\n<p>Qualsevol CONFLICTE contempla els conceptes de crisi, canvi, viol\u00e8ncia o problema i \u00e9s interessant en la Humanitat contenir-lo, solucionar-lo o canalitzar-lo.<\/p>\n<p>\u00c9s urgent abordar la tem\u00e0tica de l&#8217;adolesc\u00e8ncia i la relaci\u00f3 amb la causa del SU\u00cfCIDI com una forma de donar fi a la desesperan\u00e7a o frustraci\u00f3 aclaparadora, veure&#8217;s incapa\u00e7 de resoldre un problema pel qual NO es troba SOLUCI\u00d3 per molts dels joves a la nostra societat actual d&#8217;imatges sup\u00e8rflues on tot \u00e9s \u00c8xit i una intoxicaci\u00f3 d&#8217;informaci\u00f3 irreal de quins serien els est\u00e0ndards de vida per sentir-se INTEGRAT a la societat de l&#8217;\u00e8xit en xarxes socials.<\/p>\n<p>El SU\u00cfCIDI del qual costa tant parlar i escriure\u2026 Per\u00f2 molt m\u00e9s \u201ctan necessari\u201d fer-ho visible a la nostra societat!!! \u00c9s DEVASTADOR per les fam\u00edlies, els amics i la comunitat que el pateixen, ja que neix un sentiment de culpa i de realitzaci\u00f3 de preguntes en bucle respecte al qual es podia haver fet?<\/p>\n<p>\u00c9s possible que a tots ens resulti dif\u00edcil recordar com ens sent\u00edem en ser adolescents, ATRAPAT en aquesta zona grisa entre la inf\u00e0ncia i l&#8217;adultesa. Sense dubtes per a molts sigues un moment de grans possibilitats, per\u00f2 tamb\u00e9 pot ser un per\u00edode d&#8217;estr\u00e8s i preocupacions.<\/p>\n<p>Se sent la PRESSI\u00d3 D&#8217;ENCAIXAR SOCIALMENT de tenir un bon rendiment acad\u00e8mic i actuar de manera responsable.<\/p>\n<p>L&#8217;adolesc\u00e8ncia tamb\u00e9 \u00e9s un temps en qu\u00e8 emergeixen les relacions i la identitat sexual, hi ha una necessitat d&#8217;independ\u00e8ncia que sol entrar en conflicte amb les regles i les expectatives dels altres.<\/p>\n<p>Com a experta en el conflicte \u00e9s clau per fer un bon acompanyament, detectar prevenir i diagnosticar les persones joves que poden estar experimentant un problema de salut mental com ansietat, depressi\u00f3, trastorn bipolar o insomni, ja que s\u00f3n persones identificades amb m\u00e9s risc de tenir pensaments su\u00efcides.<\/p>\n<p>Els adolescents que travessen grans canvis a les seves vides (ja sigui un divorci dels pares, una mort familiar, una mudan\u00e7a de territori o canvis econ\u00f2mics familiars, etc.) adolescents que estan sent v\u00edctimes d&#8217;assetjament escolar, racisme o estigmatitzaci\u00f3 tenen m\u00e9s riscos de tenir pensaments su\u00efcides.<\/p>\n<p>Els adolescents necessiten estar CONNECTATS amb els altres i el seu entorn proper. En general, els adolescents en una primera fase rebutgen les visites m\u00e8diques, o tractaments en institucions de salut mental per aquest motiu \u00e9s important\u00edssim saber observar i escoltar-los activament empatitzant amb les seves circumst\u00e0ncies (problemes amb un grup d&#8217;amics, mals resultats escolars). No minimitzar el conflicte. Ni ignorar-ho!<\/p>\n<p>Mantenir un canal obert de comunicaci\u00f3 amb una persona que legitimi l&#8217;adolescent com a persona neutral com el MEDIADOR ajuda a les fam\u00edlies l&#8217;an\u00e0lisi del context extern i la identificaci\u00f3 de q\u00fcestions i causes, factors desencadenants i crear aix\u00ed un PROC\u00c9S de comunicaci\u00f3 \u00f2ptim.<br \/>\nA Espanya el Su\u00efcidi \u00e9s la primera causa de mort entre joves adolescents entre 12 i 29 anys. Un \u00edndex d&#8217;un 35% de casos i una previsi\u00f3 en augment.<\/p>\n<p>Merc\u00e8 Pomar<br \/>\nMediadora de fam\u00edlia<br \/>\nTer\u00e0pia Sist\u00e8mica<\/p>\n","protected":false},"excerpt":{"rendered":"<p>La mediaci\u00f3 \u00e9s una eina alternativa de gestionar els conflictes que t\u00e9 en compte en quina situaci\u00f3 es troben els implicats (les persones) aix\u00ed com les necessitats i els interessos (el problema). Com a experta en resoluci\u00f3 de conflictes facilitem els ponts de comunicaci\u00f3 necessaris entre les parts i utilitzem les t\u00e8cniques necess\u00e0ries dan\u00e0lisi del [&hellip;]<\/p>\n","protected":false},"author":1,"featured_media":5040,"comment_status":"closed","ping_status":"closed","sticky":false,"template":"","format":"standard","meta":{"inline_featured_image":false,"footnotes":""},"categories":[48],"tags":[],"class_list":["post-5031","post","type-post","status-publish","format-standard","has-post-thumbnail","hentry","category-noticies"],"_links":{"self":[{"href":"https:\/\/www.mercepomar.com\/ca\/wp-json\/wp\/v2\/posts\/5031"}],"collection":[{"href":"https:\/\/www.mercepomar.com\/ca\/wp-json\/wp\/v2\/posts"}],"about":[{"href":"https:\/\/www.mercepomar.com\/ca\/wp-json\/wp\/v2\/types\/post"}],"author":[{"embeddable":true,"href":"https:\/\/www.mercepomar.com\/ca\/wp-json\/wp\/v2\/users\/1"}],"replies":[{"embeddable":true,"href":"https:\/\/www.mercepomar.com\/ca\/wp-json\/wp\/v2\/comments?post=5031"}],"version-history":[{"count":0,"href":"https:\/\/www.mercepomar.com\/ca\/wp-json\/wp\/v2\/posts\/5031\/revisions"}],"wp:featuredmedia":[{"embeddable":true,"href":"https:\/\/www.mercepomar.com\/ca\/wp-json\/wp\/v2\/media\/5040"}],"wp:attachment":[{"href":"https:\/\/www.mercepomar.com\/ca\/wp-json\/wp\/v2\/media?parent=5031"}],"wp:term":[{"taxonomy":"category","embeddable":true,"href":"https:\/\/www.mercepomar.com\/ca\/wp-json\/wp\/v2\/categories?post=5031"},{"taxonomy":"post_tag","embeddable":true,"href":"https:\/\/www.mercepomar.com\/ca\/wp-json\/wp\/v2\/tags?post=5031"}],"curies":[{"name":"wp","href":"https:\/\/api.w.org\/{rel}","templated":true}]}}