{"id":5019,"date":"2024-02-22T11:44:32","date_gmt":"2024-02-22T11:44:32","guid":{"rendered":"https:\/\/www.mercepomar.com\/com-superar-un-nadal-en-familia-en-processos-de-separacio-o-divorci\/"},"modified":"2024-02-20T13:39:32","modified_gmt":"2024-02-20T13:39:32","slug":"com-superar-un-nadal-en-familia-en-processos-de-separacio-o-divorci","status":"publish","type":"post","link":"https:\/\/www.mercepomar.com\/ca\/com-superar-un-nadal-en-familia-en-processos-de-separacio-o-divorci\/","title":{"rendered":"Com superar un Nadal en Fam\u00edlia en processos de separaci\u00f3 o divorci."},"content":{"rendered":"<p>En els darrers anys, s\u00f3n moltes les fam\u00edlies que s&#8217;han acostat a la meva consulta com a professional de la MEDIACI\u00d3 FAMILIAR a la recerca de suport i acompanyament a la crian\u00e7a, quan els pares estan en conflicte i en fase de negociaci\u00f3 de divorci. Per sort, cada cop s\u00f3n m\u00e9s les fam\u00edlies fugen d&#8217;est\u00e0ndards socials antics i busquen noves maneres d&#8217;afrontar l&#8217;educaci\u00f3 dels fills i filles de manera m\u00e9s respectuosa.<\/p>\n<p>El per\u00edode nadalenc \u00e9s, sovint, causa d&#8217;estr\u00e8s i ansietat. La font d&#8217;estr\u00e8s m\u00e9s gran durant les vacances de Nadal \u00e9s la fam\u00edlia, principalment, els menjars<strong> familiars<\/strong>, les <strong>obligacions familiars<\/strong> i les <strong>tradicions familiars<\/strong>.<\/p>\n<p>Nadal \u00e9s una festa que est\u00e0 molt lligada a les reunions i ser una fam\u00edlia separada o reconstitu\u00efda augmenta les possibilitats de reunir-nos amb totes les persones que formen part de la vida del menor, per\u00f2 alhora pot ser l&#8217;oportunitat perqu\u00e8 es generi el CONFLICTE m\u00e9s gran entre pares.<\/p>\n<p>L&#8217;educaci\u00f3 ha de ser respectuosa amb la inf\u00e0ncia, s\u00ed; i, alhora, tamb\u00e9 ho ha de ser amb les persones adultes que formen part del nucli familiar i amb les situacions que es produeixin en el nostre dia a dia i fins i tot aquells pares que MITJAN en el conflicte per a una futura o previsible separaci\u00f3 o divorci.<\/p>\n<p>La Llei org\u00e0nica 8\/2021, de 4 de juny, de protecci\u00f3 integral i l&#8217;adolesc\u00e8ncia davant de la viol\u00e8ncia.<\/p>\n<p><strong><em>&#8220;No hi ha causa que mereixi m\u00e9s alta prioritat que la protecci\u00f3 i el desenvolupament del<\/em> nen, de qui depenen la superviv\u00e8ncia, l&#8217;estabilitat i el progr\u00e9s de totes les nacions i, de fet, de la civilitzaci\u00f3 humana&#8221;. (Cumbre Unicef 1990)<\/strong><\/p>\n<p>La protecci\u00f3 dels menors \u00e9s una obligaci\u00f3 priorit\u00e0ria dels poders p\u00fablics, reconeguda a <a href=\"https:\/\/www.notariosyregistradores.com\/web\/normas\/constitucion-espanola\/#a39\" target=\"_blank\" rel=\"noopener\">l&#8217;article 39 de la Constituci\u00f3 espanyola<\/a> i en diversos tractats internacionals.<\/p>\n<p>Entre ells, destaca la <a href=\"https:\/\/www.un.org\/es\/events\/childrenday\/pdf\/derechos.pdf\" target=\"_blank\" rel=\"noopener\">Convenci\u00f3 sobre els Drets del Nen<\/a>, adoptada per l&#8217;Assemblea General de les Nacions Unides el 20 de novembre de 1989 i ratificada per Espanya en 1990. T\u00e9 tamb\u00e9 tres protocols facultatius i es desenvolupa mitjan\u00e7ant les Observacions Generals del Comit\u00e8 dels Drets dels Infants, de les quals destaquem les referents al dret del nen.<\/p>\n<p>a) a ser <strong>escoltat<\/strong> b) a no ser objecte de cap forma de <strong>viol\u00e8ncia<\/strong> c) la primacia de <strong>l&#8217;inter\u00e8s superior<\/strong> del nin i la nina.<\/p>\n<p>Si aquesta \u00e9s la primera vegada que us enfronteu a aquest NADAL com a fam\u00edlia separada o reconstitu\u00efda, us facilitaria pautes d&#8217;acompanyament, amb respecte i empatia en aquest dif\u00edcil proc\u00e9s de transformaci\u00f3.<\/p>\n<p>Com acompanyar el canvi de manera assertiva?<\/p>\n<p>En aquest canvi d&#8217;enfocament el m\u00e9s dif\u00edcil potser \u00e9s desaprendre tot l&#8217;apr\u00e8s fins ara, intentant neutralitzar la part m\u00e9s emocional, per\u00f2 tamb\u00e9 \u00e9s important trobar alternatives a les eines educatives tradicionals, com ara valorar (els premis o els c\u00e0stigs) com una negociaci\u00f3 emocional l&#8217;objectiu del qual \u00e9s l&#8217;obedi\u00e8ncia sense reflexi\u00f3. El gran i infal\u00b7lible \u201csentit com\u00fa\u201d \u00e9s una de les idees per afrontar aquest canvi.<\/p>\n<p>Que la crian\u00e7a no \u00e9s f\u00e0cil, \u00e9s una evid\u00e8ncia! Cada cop s\u00f3n m\u00e9s les persones i les fam\u00edlies que prenen consci\u00e8ncia que l&#8217;educaci\u00f3 tradicional, basada en l&#8217;autoritarisme o repressi\u00f3 emocional en qu\u00e8 han estat educats molts pares, \u00e9s PERJUDICIAL.<\/p>\n<p>Al mateix temps, som conscients de quines coses no ens van agradar de la nostra inf\u00e0ncia i aquells patrons que no volem repetir, per\u00f2, ens espanta caure a l&#8217;altre extrem, a la permissivitat, i caure a l&#8217;altra cara de la neglig\u00e8ncia com a mares i pares. Sempre ofereixo la f\u00f3rmula que ens ajudi a mantenir aquest equilibri entre amabilitat i fermesa.<\/p>\n<p>No es tracta d&#8217;anteposar els capricis i els desitjos dels nostres fills per sobre de les nostres creences o necessitats.<\/p>\n<p>No es tracta de dir-los a les nostres filles sempre que s\u00ed a tot. Es tracta de cercar la manera que les necessitats de tots els membres de la fam\u00edlia quedin ben cobertes i siguin ateses de manera respectuosa.<\/p>\n<p>Es tracta de tractar-los b\u00e9, s\u00ed; i tamb\u00e9 de tractar-nos b\u00e9 com a pares!<\/p>\n<p>Es tracta de deixar d&#8217;humiliar i controlar, s\u00ed; i tamb\u00e9 de deixar de sobreprotegir i incapacitar!<\/p>\n<p>-Donar-se l&#8217;opci\u00f3 de continuar compartint certs moments especials entre els progenitors en dates de Nadal els pot ajudar especialment si la separaci\u00f3 \u00e9s recent, encara que nom\u00e9s \u00e9s viable en cas que la relaci\u00f3 sigui bona i deixant clar que la decisi\u00f3 de la separaci\u00f3 \u00e9s ferma encara que se segueixin compartint moments importants amb els fills per ra\u00f3 del respecte i la intenci\u00f3 d&#8217;optimitzar un m\u00e0xim equilibri emocional.<\/p>\n<p>-Aprenent a establir l\u00edmits respectuosos en funci\u00f3 de les mateixes. I ho farem mitjan\u00e7ant la pr\u00e0ctica d&#8217;una bona comunicaci\u00f3 positiva, sense retrets, sense culpabilitzar el nen, fugint de l&#8217;autoritarisme i TRANSFORMAR, valorant solucions \u00fatils i consensuades entre tot el nucli fam\u00edlia.<\/p>\n<p>-Els pares separats o divorciats seguiu sent els seus principals referents a la vida, aix\u00ed que \u00e9s important mantenir els menors al marge dels conflictes (si existeixen) perqu\u00e8 pugui mantenir una relaci\u00f3 sana i plena amb cadascun dels progenitors.<\/p>\n<p>\u00c9s important que sempre es faciliti el contacte amb l&#8217;altre progenitor mentre estan amb un dels pares i s&#8217;arribi a bons i \u00fatils acords perqu\u00e8 aprenguin una bona comunicaci\u00f3 en fam\u00edlia.<\/p>\n<p>Les separacions o els divorcis no anul\u00b7len l&#8217;exist\u00e8ncia del concepte o la pertinen\u00e7a a una estructura familiar, sigui la que sigui.<\/p>\n<p>Una darrera recomanaci\u00f3 \u2026 Permetin cr\u00e9ixer el seu fill en una fam\u00edlia on l&#8217;amor i el respecte sempre hi siguin presents.<\/p>\n<p>\u201cFabriquen records inoblidables per a aquest Nadal\u201d.<\/p>\n<p>Merc\u00e8 Pomar<br \/>\nMediadora de Fam\u00edlia &amp; Advocada<br \/>\nTer\u00e0pia sist\u00e8mica.<\/p>\n","protected":false},"excerpt":{"rendered":"<p>En els darrers anys, s\u00f3n moltes les fam\u00edlies que s&#8217;han acostat a la meva consulta com a professional de la MEDIACI\u00d3 FAMILIAR a la recerca de suport i acompanyament a la crian\u00e7a, quan els pares estan en conflicte i en fase de negociaci\u00f3 de divorci. Per sort, cada cop s\u00f3n m\u00e9s les fam\u00edlies fugen d&#8217;est\u00e0ndards [&hellip;]<\/p>\n","protected":false},"author":1,"featured_media":5046,"comment_status":"closed","ping_status":"closed","sticky":false,"template":"","format":"standard","meta":{"inline_featured_image":false,"footnotes":""},"categories":[48],"tags":[],"class_list":["post-5019","post","type-post","status-publish","format-standard","has-post-thumbnail","hentry","category-noticies"],"_links":{"self":[{"href":"https:\/\/www.mercepomar.com\/ca\/wp-json\/wp\/v2\/posts\/5019"}],"collection":[{"href":"https:\/\/www.mercepomar.com\/ca\/wp-json\/wp\/v2\/posts"}],"about":[{"href":"https:\/\/www.mercepomar.com\/ca\/wp-json\/wp\/v2\/types\/post"}],"author":[{"embeddable":true,"href":"https:\/\/www.mercepomar.com\/ca\/wp-json\/wp\/v2\/users\/1"}],"replies":[{"embeddable":true,"href":"https:\/\/www.mercepomar.com\/ca\/wp-json\/wp\/v2\/comments?post=5019"}],"version-history":[{"count":0,"href":"https:\/\/www.mercepomar.com\/ca\/wp-json\/wp\/v2\/posts\/5019\/revisions"}],"wp:featuredmedia":[{"embeddable":true,"href":"https:\/\/www.mercepomar.com\/ca\/wp-json\/wp\/v2\/media\/5046"}],"wp:attachment":[{"href":"https:\/\/www.mercepomar.com\/ca\/wp-json\/wp\/v2\/media?parent=5019"}],"wp:term":[{"taxonomy":"category","embeddable":true,"href":"https:\/\/www.mercepomar.com\/ca\/wp-json\/wp\/v2\/categories?post=5019"},{"taxonomy":"post_tag","embeddable":true,"href":"https:\/\/www.mercepomar.com\/ca\/wp-json\/wp\/v2\/tags?post=5019"}],"curies":[{"name":"wp","href":"https:\/\/api.w.org\/{rel}","templated":true}]}}