{"id":5009,"date":"2024-02-22T11:47:15","date_gmt":"2024-02-22T11:47:15","guid":{"rendered":"https:\/\/www.mercepomar.com\/relacions-humanes-i-el-conflicte\/"},"modified":"2024-02-20T13:44:15","modified_gmt":"2024-02-20T13:44:15","slug":"relacions-humanes-i-el-conflicte","status":"publish","type":"post","link":"https:\/\/www.mercepomar.com\/ca\/relacions-humanes-i-el-conflicte\/","title":{"rendered":"Relacions humanes i el conflicte."},"content":{"rendered":"<p>La Conflictologia o \u201cResoluci\u00f3 de Conflictes\u201d camp de la meva especialitzaci\u00f3 \u00e9s la ci\u00e8ncia del conflicte i cont\u00e9 els conceptes de crisi, canvi, viol\u00e8ncia o problema.<\/p>\n<p>L&#8217;inter\u00e8s destacat de la humanitat per contenir, solucionar o canalitzar els conflictes ha portat a un proc\u00e9s de transformaci\u00f3 de conflictes, gesti\u00f3 de conflictes. Els conflictes s\u00f3n presents constantment a la vida humana, tant individualment com col\u00b7lectivament, abs\u00e8ncia de pau i d&#8217;harmonia s\u00f3n constants en la vida de les persones i de les societats.<\/p>\n<p>Crisi i viol\u00e8ncia influeixen decididament a l&#8217;emotivitat, la salut i la conviv\u00e8ncia i viceversa.<\/p>\n<p>Per poder comprendre els conflictes i poder intervenir efica\u00e7ment en aquests des de la Conflictologia, pr\u00e8viament cal canviar de paradigma de manera raonada i emocionalment.<\/p>\n<p>El problema sempre \u00e9s la viol\u00e8ncia i les causes que la generen, descobrir-ne els or\u00edgens, les causes \u00e9s fonamental. Poques vegades s&#8217;actua aix\u00ed, per la meva experi\u00e8ncia solem estar acostumats a treballar en el nivell dels s\u00edmptomes i creiem que actuar sobre els s\u00edmptomes resoldr\u00e0 el problema, per aix\u00f2 molts conflictes continuen irresolts durant anys, d\u00e8cades i generacions.<\/p>\n<p>Davant del conflicte com a experta, obeeixo a pautes i comportaments que necessito saber explicar, analitzar i preveure, i aix\u00ed treballar amb les \u201cAccions de remei\u201d.<\/p>\n<p>La tem\u00e0tica tan actual de la Salut mental a la nostra societat dep\u00e8n d&#8217;analitzar cadascun de nosaltres la qualitat de les nostres relacions amb altres persones, de <em><strong>les<\/strong><\/em> \u201c<strong><em>connexions<\/em> humanes<\/strong>\u201d.<\/p>\n<p>Tots els meus clients arriben a la meva consulta amb ganes de ser escoltats buscant un espai emp\u00e0tic i d&#8217;alliberament on deixar anar el seu conflicte-emoci\u00f3 continguda.<\/p>\n<p>En una societat on cada cop es valora m\u00e9s l&#8217;\u00e8xit personal i individualisme, ens haur\u00edem de plantejar quines relacions familiars o socials existeixen en el nostre dia a dia i si hi ha una vinculaci\u00f3 clara amb la nostra salut mental i f\u00edsica.<\/p>\n<p>Com a Mediadora en els conflictes tant col\u00b7lectius com individuals (personals) segueixo un proc\u00e9s de transformaci\u00f3 \u201cgradual\u201d, per la qual cosa la paci\u00e8ncia i la perseveran\u00e7a dels meus clients hi juga un paper principal. Tot prop\u00f2sit de resoluci\u00f3 del conflicte plantejat centra el seu origen en una actitud positiva i enfortiment de lentorn social, familiar, laboral, creant en definitiva, connexions humanes sanes de lindividu com a entorn de desenvolupament social, augmentant aix\u00ed el benestar emocional i millorant les habilitats socials a per aconseguir una xarxa de suport per a moments de recaiguda o necessitat.<\/p>\n<p>Factors emmotlladors com el \u201crespecte a un mateix\u201d i els seus \u201cvalors\u201d intr\u00ednsecs enriqueixen la nostra forma de vida quotidiana \u201cel present\u201d, l&#8217;adaptabilitat de les circumst\u00e0ncies elimina les rigideses limitants.<\/p>\n<p>La Conflictologia actua en les causes dels conflictes m\u00e9s que en la simptomatologia, proposant <em><strong>m\u00e8todes de canvi<\/strong><\/em> com a sistema de resoluci\u00f3 dels conflictes.<\/p>\n<p>La Conflictologia no proposa solucions, no jutja els actes humans ni tan sols els actes violents; l&#8217;objectiu no se centra a establir un sistema ideal en cada conflicte, sin\u00f3 a procurar, a intentar fer possible, de facilitar, que la \u201c<em><strong>SOLUCI\u00d3<\/strong><\/em>\u201d s&#8217;instauri per si mateixa, la generaci\u00f3 d&#8217;una cultura de pau pel cam\u00ed de la racionalitat i de les emocions humanes davant del conflicte, una cultura de pau a col\u00b7legis, organismes i organitzacions, per a l&#8217;apoderament de les persones en benefici de la SOCIETAT.<\/p>\n<p>Merc\u00e8 Pomar<br \/>\nMediadora de Fam\u00edlia i Advocada Especialitzada en ter\u00e0pia sist\u00e8mica.<\/p>\n","protected":false},"excerpt":{"rendered":"<p>La Conflictologia o \u201cResoluci\u00f3 de Conflictes\u201d camp de la meva especialitzaci\u00f3 \u00e9s la ci\u00e8ncia del conflicte i cont\u00e9 els conceptes de crisi, canvi, viol\u00e8ncia o problema. L&#8217;inter\u00e8s destacat de la humanitat per contenir, solucionar o canalitzar els conflictes ha portat a un proc\u00e9s de transformaci\u00f3 de conflictes, gesti\u00f3 de conflictes. Els conflictes s\u00f3n presents constantment [&hellip;]<\/p>\n","protected":false},"author":1,"featured_media":5007,"comment_status":"closed","ping_status":"closed","sticky":false,"template":"","format":"standard","meta":{"inline_featured_image":false,"footnotes":""},"categories":[48],"tags":[],"class_list":["post-5009","post","type-post","status-publish","format-standard","has-post-thumbnail","hentry","category-noticies"],"_links":{"self":[{"href":"https:\/\/www.mercepomar.com\/ca\/wp-json\/wp\/v2\/posts\/5009"}],"collection":[{"href":"https:\/\/www.mercepomar.com\/ca\/wp-json\/wp\/v2\/posts"}],"about":[{"href":"https:\/\/www.mercepomar.com\/ca\/wp-json\/wp\/v2\/types\/post"}],"author":[{"embeddable":true,"href":"https:\/\/www.mercepomar.com\/ca\/wp-json\/wp\/v2\/users\/1"}],"replies":[{"embeddable":true,"href":"https:\/\/www.mercepomar.com\/ca\/wp-json\/wp\/v2\/comments?post=5009"}],"version-history":[{"count":0,"href":"https:\/\/www.mercepomar.com\/ca\/wp-json\/wp\/v2\/posts\/5009\/revisions"}],"wp:featuredmedia":[{"embeddable":true,"href":"https:\/\/www.mercepomar.com\/ca\/wp-json\/wp\/v2\/media\/5007"}],"wp:attachment":[{"href":"https:\/\/www.mercepomar.com\/ca\/wp-json\/wp\/v2\/media?parent=5009"}],"wp:term":[{"taxonomy":"category","embeddable":true,"href":"https:\/\/www.mercepomar.com\/ca\/wp-json\/wp\/v2\/categories?post=5009"},{"taxonomy":"post_tag","embeddable":true,"href":"https:\/\/www.mercepomar.com\/ca\/wp-json\/wp\/v2\/tags?post=5009"}],"curies":[{"name":"wp","href":"https:\/\/api.w.org\/{rel}","templated":true}]}}